{"id":2740,"date":"2019-10-30T14:04:15","date_gmt":"2019-10-30T13:04:15","guid":{"rendered":"http:\/\/www.micheleguilloteau.fr\/?p=2740"},"modified":"2019-11-20T21:14:03","modified_gmt":"2019-11-20T20:14:03","slug":"galerie-mage-toulouse-du-17-au-24-novembre-2019","status":"publish","type":"post","link":"https:\/\/www.micheleguilloteau.fr\/en\/galerie-mage-toulouse-du-17-au-24-novembre-2019\/","title":{"rendered":"Galerie Mage &#8211; Toulouse &#8211; Du 17 au 23 novembre 2019"},"content":{"rendered":"\n<p>J&#8217;exposerais mon travail pour la 1\u00e8re fois \u00e0 la Galerie Mage \u00e0 Toulouse (31) Du dimanche 17 au samedi 23 novembre 2019. Ce sera court mais intense !<\/p>\n\n\n\n<p>Vous pourrez y d\u00e9couvrir \u00e9galement les peintures de Soren Vana et les rakus de Sandrine Sueres.<\/p>\n\n\n\n<p>Cette petite galerie se trouve 30 place Mage, pas tr\u00e8s loin des Carmes. (<a href=\"https:\/\/fr.mappy.com\/#\/1\/M2\/TSearch\/S30+Place+du+Mage%2C+31000+Toulouse\/N151.12061,6.11309,1.44707,43.5984\/Z15\/\">Situer la galerie Mage<\/a>)<\/p>\n\n\n\n<p><strong>Le vernissage aura lieu jeudi 21 novembre 2019 de 19h \u00e0 21h<\/strong><\/p>\n\n\n\n<p>Ouvert dimanche 17\/11 \u00e0 partir de 14h et ensuite tous les jours de 10h \u00e0 19h. Les permanences sont assur\u00e9es par les artistes qui vous accueilleront avec plaisir.<\/p>\n\n\n\nngg_shortcode_0_placeholder\n","protected":false},"excerpt":{"rendered":"<p>J&#8217;exposerais mon travail pour la 1\u00e8re fois \u00e0 la Galerie Mage \u00e0 Toulouse (31) Du dimanche 17 au samedi 23 novembre 2019. Ce sera court [&hellip;] <span class=\"read-more-link\"><a class=\"read-more\" href=\"https:\/\/www.micheleguilloteau.fr\/en\/galerie-mage-toulouse-du-17-au-24-novembre-2019\/\">Read More<\/a><\/span><\/p>\n","protected":false},"author":1,"featured_media":2743,"comment_status":"closed","ping_status":"open","sticky":false,"template":"","format":"standard","meta":{"ngg_post_thumbnail":0,"jetpack_post_was_ever_published":false,"_jetpack_newsletter_access":"","_jetpack_newsletter_tier_id":0},"categories":[1],"tags":[],"yoast_head":"<!-- This site is optimized with the Yoast SEO plugin v21.8.1 - https:\/\/yoast.com\/wordpress\/plugins\/seo\/ -->\n<title>Galerie Mage - Toulouse - Du 17 au 23 novembre 2019 - Michele Guilloteau<\/title>\n<meta name=\"robots\" content=\"index, follow, max-snippet:-1, max-image-preview:large, max-video-preview:-1\" \/>\n<link rel=\"canonical\" href=\"https:\/\/www.micheleguilloteau.fr\/galerie-mage-toulouse-du-17-au-24-novembre-2019\/\" \/>\n<meta property=\"og:locale\" content=\"en_US\" \/>\n<meta property=\"og:type\" content=\"article\" \/>\n<meta property=\"og:title\" content=\"Galerie Mage - Toulouse - Du 17 au 23 novembre 2019 - Michele Guilloteau\" \/>\n<meta property=\"og:description\" content=\"J&#8217;exposerais mon travail pour la 1\u00e8re fois \u00e0 la Galerie Mage \u00e0 Toulouse (31) Du dimanche 17 au samedi 23 novembre 2019. Ce sera court [&hellip;] Read More\" \/>\n<meta property=\"og:url\" content=\"https:\/\/www.micheleguilloteau.fr\/galerie-mage-toulouse-du-17-au-24-novembre-2019\/\" \/>\n<meta property=\"og:site_name\" content=\"Michele Guilloteau\" \/>\n<meta property=\"article:publisher\" content=\"https:\/\/www.facebook.com\/micheleguilloteau.skyline\/?ref=bookmarks\" \/>\n<meta property=\"article:published_time\" content=\"2019-10-30T13:04:15+00:00\" \/>\n<meta property=\"article:modified_time\" content=\"2019-11-20T20:14:03+00:00\" \/>\n<meta name=\"author\" content=\"Michele Guilloteau\" \/>\n<meta name=\"twitter:card\" content=\"summary_large_image\" \/>\n<meta name=\"twitter:image\" content=\"https:\/\/www.micheleguilloteau.fr\/wp-content\/uploads\/2019\/10\/afficheMAGE20192-1-pdf.jpg\" \/>\n<meta name=\"twitter:creator\" content=\"@GuilloteauArt\" \/>\n<meta name=\"twitter:site\" content=\"@GuilloteauArt\" \/>\n<meta name=\"twitter:label1\" content=\"Written by\" \/>\n\t<meta name=\"twitter:data1\" content=\"Michele Guilloteau\" \/>\n<script type=\"application\/ld+json\" class=\"yoast-schema-graph\">{\"@context\":\"https:\/\/schema.org\",\"@graph\":[{\"@type\":\"WebPage\",\"@id\":\"https:\/\/www.micheleguilloteau.fr\/galerie-mage-toulouse-du-17-au-24-novembre-2019\/\",\"url\":\"https:\/\/www.micheleguilloteau.fr\/galerie-mage-toulouse-du-17-au-24-novembre-2019\/\",\"name\":\"Galerie Mage - Toulouse - Du 17 au 23 novembre 2019 - Michele Guilloteau\",\"isPartOf\":{\"@id\":\"https:\/\/www.micheleguilloteau.fr\/#website\"},\"datePublished\":\"2019-10-30T13:04:15+00:00\",\"dateModified\":\"2019-11-20T20:14:03+00:00\",\"author\":{\"@id\":\"https:\/\/www.micheleguilloteau.fr\/#\/schema\/person\/cf11075f014beb0078cec7484209ee08\"},\"breadcrumb\":{\"@id\":\"https:\/\/www.micheleguilloteau.fr\/galerie-mage-toulouse-du-17-au-24-novembre-2019\/#breadcrumb\"},\"inLanguage\":\"en-US\",\"potentialAction\":[{\"@type\":\"ReadAction\",\"target\":[\"https:\/\/www.micheleguilloteau.fr\/galerie-mage-toulouse-du-17-au-24-novembre-2019\/\"]}]},{\"@type\":\"BreadcrumbList\",\"@id\":\"https:\/\/www.micheleguilloteau.fr\/galerie-mage-toulouse-du-17-au-24-novembre-2019\/#breadcrumb\",\"itemListElement\":[{\"@type\":\"ListItem\",\"position\":1,\"name\":\"Accueil\",\"item\":\"https:\/\/www.micheleguilloteau.fr\/\"},{\"@type\":\"ListItem\",\"position\":2,\"name\":\"Galerie Mage &#8211; Toulouse &#8211; Du 17 au 23 novembre 2019\"}]},{\"@type\":\"WebSite\",\"@id\":\"https:\/\/www.micheleguilloteau.fr\/#website\",\"url\":\"https:\/\/www.micheleguilloteau.fr\/\",\"name\":\"Michele Guilloteau\",\"description\":\"La Ligne et la mati\u00e8re avant tout\",\"potentialAction\":[{\"@type\":\"SearchAction\",\"target\":{\"@type\":\"EntryPoint\",\"urlTemplate\":\"https:\/\/www.micheleguilloteau.fr\/?s={search_term_string}\"},\"query-input\":\"required name=search_term_string\"}],\"inLanguage\":\"en-US\"},{\"@type\":\"Person\",\"@id\":\"https:\/\/www.micheleguilloteau.fr\/#\/schema\/person\/cf11075f014beb0078cec7484209ee08\",\"name\":\"Michele Guilloteau\",\"image\":{\"@type\":\"ImageObject\",\"inLanguage\":\"en-US\",\"@id\":\"https:\/\/www.micheleguilloteau.fr\/#\/schema\/person\/image\/\",\"url\":\"https:\/\/secure.gravatar.com\/avatar\/27b517d514ce5bb52d610cb620b373e3?s=96&d=mm&r=g\",\"contentUrl\":\"https:\/\/secure.gravatar.com\/avatar\/27b517d514ce5bb52d610cb620b373e3?s=96&d=mm&r=g\",\"caption\":\"Michele Guilloteau\"},\"sameAs\":[\"http:\/\/www.micheleguilloteau.fr\"]}]}<\/script>\n<!-- \/ Yoast SEO plugin. -->","yoast_head_json":{"title":"Galerie Mage - Toulouse - Du 17 au 23 novembre 2019 - Michele Guilloteau","robots":{"index":"index","follow":"follow","max-snippet":"max-snippet:-1","max-image-preview":"max-image-preview:large","max-video-preview":"max-video-preview:-1"},"canonical":"https:\/\/www.micheleguilloteau.fr\/galerie-mage-toulouse-du-17-au-24-novembre-2019\/","og_locale":"en_US","og_type":"article","og_title":"Galerie Mage - Toulouse - Du 17 au 23 novembre 2019 - Michele Guilloteau","og_description":"J&#8217;exposerais mon travail pour la 1\u00e8re fois \u00e0 la Galerie Mage \u00e0 Toulouse (31) Du dimanche 17 au samedi 23 novembre 2019. Ce sera court [&hellip;] Read More","og_url":"https:\/\/www.micheleguilloteau.fr\/galerie-mage-toulouse-du-17-au-24-novembre-2019\/","og_site_name":"Michele Guilloteau","article_publisher":"https:\/\/www.facebook.com\/micheleguilloteau.skyline\/?ref=bookmarks","article_published_time":"2019-10-30T13:04:15+00:00","article_modified_time":"2019-11-20T20:14:03+00:00","author":"Michele Guilloteau","twitter_card":"summary_large_image","twitter_image":"https:\/\/www.micheleguilloteau.fr\/wp-content\/uploads\/2019\/10\/afficheMAGE20192-1-pdf.jpg","twitter_creator":"@GuilloteauArt","twitter_site":"@GuilloteauArt","twitter_misc":{"Written by":"Michele Guilloteau"},"schema":{"@context":"https:\/\/schema.org","@graph":[{"@type":"WebPage","@id":"https:\/\/www.micheleguilloteau.fr\/galerie-mage-toulouse-du-17-au-24-novembre-2019\/","url":"https:\/\/www.micheleguilloteau.fr\/galerie-mage-toulouse-du-17-au-24-novembre-2019\/","name":"Galerie Mage - Toulouse - Du 17 au 23 novembre 2019 - Michele Guilloteau","isPartOf":{"@id":"https:\/\/www.micheleguilloteau.fr\/#website"},"datePublished":"2019-10-30T13:04:15+00:00","dateModified":"2019-11-20T20:14:03+00:00","author":{"@id":"https:\/\/www.micheleguilloteau.fr\/#\/schema\/person\/cf11075f014beb0078cec7484209ee08"},"breadcrumb":{"@id":"https:\/\/www.micheleguilloteau.fr\/galerie-mage-toulouse-du-17-au-24-novembre-2019\/#breadcrumb"},"inLanguage":"en-US","potentialAction":[{"@type":"ReadAction","target":["https:\/\/www.micheleguilloteau.fr\/galerie-mage-toulouse-du-17-au-24-novembre-2019\/"]}]},{"@type":"BreadcrumbList","@id":"https:\/\/www.micheleguilloteau.fr\/galerie-mage-toulouse-du-17-au-24-novembre-2019\/#breadcrumb","itemListElement":[{"@type":"ListItem","position":1,"name":"Accueil","item":"https:\/\/www.micheleguilloteau.fr\/"},{"@type":"ListItem","position":2,"name":"Galerie Mage &#8211; Toulouse &#8211; Du 17 au 23 novembre 2019"}]},{"@type":"WebSite","@id":"https:\/\/www.micheleguilloteau.fr\/#website","url":"https:\/\/www.micheleguilloteau.fr\/","name":"Michele Guilloteau","description":"La Ligne et la mati\u00e8re avant tout","potentialAction":[{"@type":"SearchAction","target":{"@type":"EntryPoint","urlTemplate":"https:\/\/www.micheleguilloteau.fr\/?s={search_term_string}"},"query-input":"required name=search_term_string"}],"inLanguage":"en-US"},{"@type":"Person","@id":"https:\/\/www.micheleguilloteau.fr\/#\/schema\/person\/cf11075f014beb0078cec7484209ee08","name":"Michele Guilloteau","image":{"@type":"ImageObject","inLanguage":"en-US","@id":"https:\/\/www.micheleguilloteau.fr\/#\/schema\/person\/image\/","url":"https:\/\/secure.gravatar.com\/avatar\/27b517d514ce5bb52d610cb620b373e3?s=96&d=mm&r=g","contentUrl":"https:\/\/secure.gravatar.com\/avatar\/27b517d514ce5bb52d610cb620b373e3?s=96&d=mm&r=g","caption":"Michele Guilloteau"},"sameAs":["http:\/\/www.micheleguilloteau.fr"]}]}},"jetpack_featured_media_url":"https:\/\/www.micheleguilloteau.fr\/wp-content\/uploads\/2019\/10\/afficheMAGE20192-1-pdf.jpg","jetpack_shortlink":"https:\/\/wp.me\/p9ke2Y-Ic","jetpack_likes_enabled":false,"jetpack_sharing_enabled":true,"_links":{"self":[{"href":"https:\/\/www.micheleguilloteau.fr\/en\/wp-json\/wp\/v2\/posts\/2740"}],"collection":[{"href":"https:\/\/www.micheleguilloteau.fr\/en\/wp-json\/wp\/v2\/posts"}],"about":[{"href":"https:\/\/www.micheleguilloteau.fr\/en\/wp-json\/wp\/v2\/types\/post"}],"author":[{"embeddable":true,"href":"https:\/\/www.micheleguilloteau.fr\/en\/wp-json\/wp\/v2\/users\/1"}],"replies":[{"embeddable":true,"href":"https:\/\/www.micheleguilloteau.fr\/en\/wp-json\/wp\/v2\/comments?post=2740"}],"version-history":[{"count":6,"href":"https:\/\/www.micheleguilloteau.fr\/en\/wp-json\/wp\/v2\/posts\/2740\/revisions"}],"predecessor-version":[{"id":2790,"href":"https:\/\/www.micheleguilloteau.fr\/en\/wp-json\/wp\/v2\/posts\/2740\/revisions\/2790"}],"wp:featuredmedia":[{"embeddable":true,"href":"https:\/\/www.micheleguilloteau.fr\/en\/wp-json\/wp\/v2\/media\/2743"}],"wp:attachment":[{"href":"https:\/\/www.micheleguilloteau.fr\/en\/wp-json\/wp\/v2\/media?parent=2740"}],"wp:term":[{"taxonomy":"category","embeddable":true,"href":"https:\/\/www.micheleguilloteau.fr\/en\/wp-json\/wp\/v2\/categories?post=2740"},{"taxonomy":"post_tag","embeddable":true,"href":"https:\/\/www.micheleguilloteau.fr\/en\/wp-json\/wp\/v2\/tags?post=2740"}],"curies":[{"name":"wp","href":"https:\/\/api.w.org\/{rel}","templated":true}]}}