{"id":3304,"date":"2021-10-14T16:26:16","date_gmt":"2021-10-14T14:26:16","guid":{"rendered":"http:\/\/www.micheleguilloteau.fr\/?p=3304"},"modified":"2021-10-14T16:29:49","modified_gmt":"2021-10-14T14:29:49","slug":"annulation-et-report-du-salon-dart-contemporain-art3f-nantes-au-1112-et-13-mars-2022-pour-la-4eme-fois","status":"publish","type":"post","link":"https:\/\/www.micheleguilloteau.fr\/en\/annulation-et-report-du-salon-dart-contemporain-art3f-nantes-au-1112-et-13-mars-2022-pour-la-4eme-fois\/","title":{"rendered":"Annulation et report du salon d&#8217;Art Contemporain Art3F Nantes au 11,12 et 13 mars 2022 pour la 4eme fois !"},"content":{"rendered":"\n<p>Je suis vraiment d\u00e9sol\u00e9e pour toutes les personnes qui attendaient cet \u00e9v\u00e9nement avec impatience. Voil\u00e0, 2 gros salons en m\u00eame temps et dans le m\u00eame hall ! D&#8217; o\u00f9 le refus d&#8217;accorder \u00e0 Art3F l&#8217;ouverture du salon. Je suis vraiment d\u00e9pit\u00e9e&#8230;<\/p>\n\n\n\n<p>Je serais presente du mercredi 27 octobre au mardi 02 novembre 2021 sur Gu\u00e9rande. <\/p>\n\n\n\n<p>Si un tableau vous int\u00e9resse, je peux vous recevoir <strong>sur<\/strong> <strong>rendez-vous<\/strong> <strong>uniquement<\/strong> \u00e0 la Galerie Bleu Oc\u00e9an.<\/p>\n\n\n\n<p>N&#8217;h\u00e9sitez pas \u00e0 me contacter pour toute commande ou achat. J&#8217;expedie les oeuvres avec soin.<\/p>\n\n\n\n<p><\/p>\n","protected":false},"excerpt":{"rendered":"<p>Je suis vraiment d\u00e9sol\u00e9e pour toutes les personnes qui attendaient cet \u00e9v\u00e9nement avec impatience. Voil\u00e0, 2 gros salons en m\u00eame temps et dans le m\u00eame [&hellip;] <span class=\"read-more-link\"><a class=\"read-more\" href=\"https:\/\/www.micheleguilloteau.fr\/en\/annulation-et-report-du-salon-dart-contemporain-art3f-nantes-au-1112-et-13-mars-2022-pour-la-4eme-fois\/\">Read More<\/a><\/span><\/p>\n","protected":false},"author":1,"featured_media":0,"comment_status":"closed","ping_status":"open","sticky":false,"template":"","format":"standard","meta":{"ngg_post_thumbnail":0,"jetpack_post_was_ever_published":false,"_jetpack_newsletter_access":"","_jetpack_newsletter_tier_id":0},"categories":[1],"tags":[],"yoast_head":"<!-- This site is optimized with the Yoast SEO plugin v21.8.1 - https:\/\/yoast.com\/wordpress\/plugins\/seo\/ -->\n<title>Annulation et report du salon d&#039;Art Contemporain Art3F Nantes au 11,12 et 13 mars 2022 pour la 4eme fois ! - Michele Guilloteau<\/title>\n<meta name=\"robots\" content=\"index, follow, max-snippet:-1, max-image-preview:large, max-video-preview:-1\" \/>\n<link rel=\"canonical\" href=\"https:\/\/www.micheleguilloteau.fr\/annulation-et-report-du-salon-dart-contemporain-art3f-nantes-au-1112-et-13-mars-2022-pour-la-4eme-fois\/\" \/>\n<meta property=\"og:locale\" content=\"en_US\" \/>\n<meta property=\"og:type\" content=\"article\" \/>\n<meta property=\"og:title\" content=\"Annulation et report du salon d&#039;Art Contemporain Art3F Nantes au 11,12 et 13 mars 2022 pour la 4eme fois ! - Michele Guilloteau\" \/>\n<meta property=\"og:description\" content=\"Je suis vraiment d\u00e9sol\u00e9e pour toutes les personnes qui attendaient cet \u00e9v\u00e9nement avec impatience. Voil\u00e0, 2 gros salons en m\u00eame temps et dans le m\u00eame [&hellip;] Read More\" \/>\n<meta property=\"og:url\" content=\"https:\/\/www.micheleguilloteau.fr\/annulation-et-report-du-salon-dart-contemporain-art3f-nantes-au-1112-et-13-mars-2022-pour-la-4eme-fois\/\" \/>\n<meta property=\"og:site_name\" content=\"Michele Guilloteau\" \/>\n<meta property=\"article:publisher\" content=\"https:\/\/www.facebook.com\/micheleguilloteau.skyline\/?ref=bookmarks\" \/>\n<meta property=\"article:published_time\" content=\"2021-10-14T14:26:16+00:00\" \/>\n<meta property=\"article:modified_time\" content=\"2021-10-14T14:29:49+00:00\" \/>\n<meta name=\"author\" content=\"Michele Guilloteau\" \/>\n<meta name=\"twitter:card\" content=\"summary_large_image\" \/>\n<meta name=\"twitter:creator\" content=\"@GuilloteauArt\" \/>\n<meta name=\"twitter:site\" content=\"@GuilloteauArt\" \/>\n<meta name=\"twitter:label1\" content=\"Written by\" \/>\n\t<meta name=\"twitter:data1\" content=\"Michele Guilloteau\" \/>\n\t<meta name=\"twitter:label2\" content=\"Est. reading time\" \/>\n\t<meta name=\"twitter:data2\" content=\"1 minute\" \/>\n<script type=\"application\/ld+json\" class=\"yoast-schema-graph\">{\"@context\":\"https:\/\/schema.org\",\"@graph\":[{\"@type\":\"WebPage\",\"@id\":\"https:\/\/www.micheleguilloteau.fr\/annulation-et-report-du-salon-dart-contemporain-art3f-nantes-au-1112-et-13-mars-2022-pour-la-4eme-fois\/\",\"url\":\"https:\/\/www.micheleguilloteau.fr\/annulation-et-report-du-salon-dart-contemporain-art3f-nantes-au-1112-et-13-mars-2022-pour-la-4eme-fois\/\",\"name\":\"Annulation et report du salon d'Art Contemporain Art3F Nantes au 11,12 et 13 mars 2022 pour la 4eme fois ! - Michele Guilloteau\",\"isPartOf\":{\"@id\":\"https:\/\/www.micheleguilloteau.fr\/#website\"},\"datePublished\":\"2021-10-14T14:26:16+00:00\",\"dateModified\":\"2021-10-14T14:29:49+00:00\",\"author\":{\"@id\":\"https:\/\/www.micheleguilloteau.fr\/#\/schema\/person\/cf11075f014beb0078cec7484209ee08\"},\"breadcrumb\":{\"@id\":\"https:\/\/www.micheleguilloteau.fr\/annulation-et-report-du-salon-dart-contemporain-art3f-nantes-au-1112-et-13-mars-2022-pour-la-4eme-fois\/#breadcrumb\"},\"inLanguage\":\"en-US\",\"potentialAction\":[{\"@type\":\"ReadAction\",\"target\":[\"https:\/\/www.micheleguilloteau.fr\/annulation-et-report-du-salon-dart-contemporain-art3f-nantes-au-1112-et-13-mars-2022-pour-la-4eme-fois\/\"]}]},{\"@type\":\"BreadcrumbList\",\"@id\":\"https:\/\/www.micheleguilloteau.fr\/annulation-et-report-du-salon-dart-contemporain-art3f-nantes-au-1112-et-13-mars-2022-pour-la-4eme-fois\/#breadcrumb\",\"itemListElement\":[{\"@type\":\"ListItem\",\"position\":1,\"name\":\"Accueil\",\"item\":\"https:\/\/www.micheleguilloteau.fr\/\"},{\"@type\":\"ListItem\",\"position\":2,\"name\":\"Annulation et report du salon d&rsquo;Art Contemporain Art3F Nantes au 11,12 et 13 mars 2022 pour la 4eme fois !\"}]},{\"@type\":\"WebSite\",\"@id\":\"https:\/\/www.micheleguilloteau.fr\/#website\",\"url\":\"https:\/\/www.micheleguilloteau.fr\/\",\"name\":\"Michele Guilloteau\",\"description\":\"La Ligne et la mati\u00e8re avant tout\",\"potentialAction\":[{\"@type\":\"SearchAction\",\"target\":{\"@type\":\"EntryPoint\",\"urlTemplate\":\"https:\/\/www.micheleguilloteau.fr\/?s={search_term_string}\"},\"query-input\":\"required name=search_term_string\"}],\"inLanguage\":\"en-US\"},{\"@type\":\"Person\",\"@id\":\"https:\/\/www.micheleguilloteau.fr\/#\/schema\/person\/cf11075f014beb0078cec7484209ee08\",\"name\":\"Michele Guilloteau\",\"image\":{\"@type\":\"ImageObject\",\"inLanguage\":\"en-US\",\"@id\":\"https:\/\/www.micheleguilloteau.fr\/#\/schema\/person\/image\/\",\"url\":\"https:\/\/secure.gravatar.com\/avatar\/27b517d514ce5bb52d610cb620b373e3?s=96&d=mm&r=g\",\"contentUrl\":\"https:\/\/secure.gravatar.com\/avatar\/27b517d514ce5bb52d610cb620b373e3?s=96&d=mm&r=g\",\"caption\":\"Michele Guilloteau\"},\"sameAs\":[\"http:\/\/www.micheleguilloteau.fr\"]}]}<\/script>\n<!-- \/ Yoast SEO plugin. -->","yoast_head_json":{"title":"Annulation et report du salon d'Art Contemporain Art3F Nantes au 11,12 et 13 mars 2022 pour la 4eme fois ! - Michele Guilloteau","robots":{"index":"index","follow":"follow","max-snippet":"max-snippet:-1","max-image-preview":"max-image-preview:large","max-video-preview":"max-video-preview:-1"},"canonical":"https:\/\/www.micheleguilloteau.fr\/annulation-et-report-du-salon-dart-contemporain-art3f-nantes-au-1112-et-13-mars-2022-pour-la-4eme-fois\/","og_locale":"en_US","og_type":"article","og_title":"Annulation et report du salon d'Art Contemporain Art3F Nantes au 11,12 et 13 mars 2022 pour la 4eme fois ! - Michele Guilloteau","og_description":"Je suis vraiment d\u00e9sol\u00e9e pour toutes les personnes qui attendaient cet \u00e9v\u00e9nement avec impatience. Voil\u00e0, 2 gros salons en m\u00eame temps et dans le m\u00eame [&hellip;] Read More","og_url":"https:\/\/www.micheleguilloteau.fr\/annulation-et-report-du-salon-dart-contemporain-art3f-nantes-au-1112-et-13-mars-2022-pour-la-4eme-fois\/","og_site_name":"Michele Guilloteau","article_publisher":"https:\/\/www.facebook.com\/micheleguilloteau.skyline\/?ref=bookmarks","article_published_time":"2021-10-14T14:26:16+00:00","article_modified_time":"2021-10-14T14:29:49+00:00","author":"Michele Guilloteau","twitter_card":"summary_large_image","twitter_creator":"@GuilloteauArt","twitter_site":"@GuilloteauArt","twitter_misc":{"Written by":"Michele Guilloteau","Est. reading time":"1 minute"},"schema":{"@context":"https:\/\/schema.org","@graph":[{"@type":"WebPage","@id":"https:\/\/www.micheleguilloteau.fr\/annulation-et-report-du-salon-dart-contemporain-art3f-nantes-au-1112-et-13-mars-2022-pour-la-4eme-fois\/","url":"https:\/\/www.micheleguilloteau.fr\/annulation-et-report-du-salon-dart-contemporain-art3f-nantes-au-1112-et-13-mars-2022-pour-la-4eme-fois\/","name":"Annulation et report du salon d'Art Contemporain Art3F Nantes au 11,12 et 13 mars 2022 pour la 4eme fois ! - Michele Guilloteau","isPartOf":{"@id":"https:\/\/www.micheleguilloteau.fr\/#website"},"datePublished":"2021-10-14T14:26:16+00:00","dateModified":"2021-10-14T14:29:49+00:00","author":{"@id":"https:\/\/www.micheleguilloteau.fr\/#\/schema\/person\/cf11075f014beb0078cec7484209ee08"},"breadcrumb":{"@id":"https:\/\/www.micheleguilloteau.fr\/annulation-et-report-du-salon-dart-contemporain-art3f-nantes-au-1112-et-13-mars-2022-pour-la-4eme-fois\/#breadcrumb"},"inLanguage":"en-US","potentialAction":[{"@type":"ReadAction","target":["https:\/\/www.micheleguilloteau.fr\/annulation-et-report-du-salon-dart-contemporain-art3f-nantes-au-1112-et-13-mars-2022-pour-la-4eme-fois\/"]}]},{"@type":"BreadcrumbList","@id":"https:\/\/www.micheleguilloteau.fr\/annulation-et-report-du-salon-dart-contemporain-art3f-nantes-au-1112-et-13-mars-2022-pour-la-4eme-fois\/#breadcrumb","itemListElement":[{"@type":"ListItem","position":1,"name":"Accueil","item":"https:\/\/www.micheleguilloteau.fr\/"},{"@type":"ListItem","position":2,"name":"Annulation et report du salon d&rsquo;Art Contemporain Art3F Nantes au 11,12 et 13 mars 2022 pour la 4eme fois !"}]},{"@type":"WebSite","@id":"https:\/\/www.micheleguilloteau.fr\/#website","url":"https:\/\/www.micheleguilloteau.fr\/","name":"Michele Guilloteau","description":"La Ligne et la mati\u00e8re avant tout","potentialAction":[{"@type":"SearchAction","target":{"@type":"EntryPoint","urlTemplate":"https:\/\/www.micheleguilloteau.fr\/?s={search_term_string}"},"query-input":"required name=search_term_string"}],"inLanguage":"en-US"},{"@type":"Person","@id":"https:\/\/www.micheleguilloteau.fr\/#\/schema\/person\/cf11075f014beb0078cec7484209ee08","name":"Michele Guilloteau","image":{"@type":"ImageObject","inLanguage":"en-US","@id":"https:\/\/www.micheleguilloteau.fr\/#\/schema\/person\/image\/","url":"https:\/\/secure.gravatar.com\/avatar\/27b517d514ce5bb52d610cb620b373e3?s=96&d=mm&r=g","contentUrl":"https:\/\/secure.gravatar.com\/avatar\/27b517d514ce5bb52d610cb620b373e3?s=96&d=mm&r=g","caption":"Michele Guilloteau"},"sameAs":["http:\/\/www.micheleguilloteau.fr"]}]}},"jetpack_featured_media_url":"","jetpack_shortlink":"https:\/\/wp.me\/p9ke2Y-Ri","jetpack_likes_enabled":false,"jetpack_sharing_enabled":true,"_links":{"self":[{"href":"https:\/\/www.micheleguilloteau.fr\/en\/wp-json\/wp\/v2\/posts\/3304"}],"collection":[{"href":"https:\/\/www.micheleguilloteau.fr\/en\/wp-json\/wp\/v2\/posts"}],"about":[{"href":"https:\/\/www.micheleguilloteau.fr\/en\/wp-json\/wp\/v2\/types\/post"}],"author":[{"embeddable":true,"href":"https:\/\/www.micheleguilloteau.fr\/en\/wp-json\/wp\/v2\/users\/1"}],"replies":[{"embeddable":true,"href":"https:\/\/www.micheleguilloteau.fr\/en\/wp-json\/wp\/v2\/comments?post=3304"}],"version-history":[{"count":2,"href":"https:\/\/www.micheleguilloteau.fr\/en\/wp-json\/wp\/v2\/posts\/3304\/revisions"}],"predecessor-version":[{"id":3306,"href":"https:\/\/www.micheleguilloteau.fr\/en\/wp-json\/wp\/v2\/posts\/3304\/revisions\/3306"}],"wp:attachment":[{"href":"https:\/\/www.micheleguilloteau.fr\/en\/wp-json\/wp\/v2\/media?parent=3304"}],"wp:term":[{"taxonomy":"category","embeddable":true,"href":"https:\/\/www.micheleguilloteau.fr\/en\/wp-json\/wp\/v2\/categories?post=3304"},{"taxonomy":"post_tag","embeddable":true,"href":"https:\/\/www.micheleguilloteau.fr\/en\/wp-json\/wp\/v2\/tags?post=3304"}],"curies":[{"name":"wp","href":"https:\/\/api.w.org\/{rel}","templated":true}]}}