{"id":3317,"date":"2021-10-21T17:27:49","date_gmt":"2021-10-21T15:27:49","guid":{"rendered":"http:\/\/www.micheleguilloteau.fr\/?p=3317"},"modified":"2021-11-11T19:12:34","modified_gmt":"2021-11-11T18:12:34","slug":"galerie-mage-a-toulouse-du-15-au-20-novembre-2021","status":"publish","type":"post","link":"https:\/\/www.micheleguilloteau.fr\/en\/galerie-mage-a-toulouse-du-15-au-20-novembre-2021\/","title":{"rendered":"Galerie Mage \u00e0 Toulouse du 15 au 20 novembre 2021"},"content":{"rendered":"\n<figure class=\"wp-block-image size-large is-resized\"><img decoding=\"async\" loading=\"lazy\" src=\"https:\/\/i0.wp.com\/www.micheleguilloteau.fr\/wp-content\/uploads\/2021\/10\/Affiche_mage_2021_web-21-10_2-1.jpg?resize=376%2C536\" alt=\"\" class=\"wp-image-3321\" width=\"376\" height=\"536\" srcset=\"https:\/\/i0.wp.com\/www.micheleguilloteau.fr\/wp-content\/uploads\/2021\/10\/Affiche_mage_2021_web-21-10_2-1.jpg?w=398&amp;ssl=1 398w, https:\/\/i0.wp.com\/www.micheleguilloteau.fr\/wp-content\/uploads\/2021\/10\/Affiche_mage_2021_web-21-10_2-1.jpg?resize=211%2C300&amp;ssl=1 211w\" sizes=\"(max-width: 376px) 100vw, 376px\" data-recalc-dims=\"1\" \/><\/figure>\n\n\n\n<p>Derni\u00e8re exposition de l&#8217;ann\u00e9e \u00e0 Toulouse \u00e0 la Galerie Mage avec mon amie c\u00e9ramiste sandrine Sueres du 15 au 20 novembre 2021.<\/p>\n\n\n\n<p>Derni\u00e8re minute : La Galerie ouvrira le <strong>dimanche<\/strong> <strong>14 novembre<\/strong> de 15h \u00e0 18h30.<\/p>\n\n\n\n<p>Le vernissage aura lieu le mardi <strong>16 novembre<\/strong> \u00e0 partir de 18h30.<\/p>\n\n\n\n<p>Merci de me pr\u00e9venir de votre pr\u00e9sence.<\/p>\n\n\n\n<p>Je serais pr\u00e9sente tous les jours de 11h \u00e0 19h et je serais ravie de partager un moment avec vous.<\/p>\n\n\n\n<p>La galerie se situe au 30 Place Mage, pas loin du quartier des Carmes.<\/p>\n\n\n\n<p>A bient\u00f4t !<\/p>\n","protected":false},"excerpt":{"rendered":"<p>Derni\u00e8re exposition de l&#8217;ann\u00e9e \u00e0 Toulouse \u00e0 la Galerie Mage avec mon amie c\u00e9ramiste sandrine Sueres du 15 au 20 novembre 2021. Derni\u00e8re minute : [&hellip;] <span class=\"read-more-link\"><a class=\"read-more\" href=\"https:\/\/www.micheleguilloteau.fr\/en\/galerie-mage-a-toulouse-du-15-au-20-novembre-2021\/\">Read More<\/a><\/span><\/p>\n","protected":false},"author":1,"featured_media":2762,"comment_status":"closed","ping_status":"open","sticky":false,"template":"","format":"standard","meta":{"ngg_post_thumbnail":0,"jetpack_post_was_ever_published":false,"_jetpack_newsletter_access":"","_jetpack_newsletter_tier_id":0},"categories":[1],"tags":[],"yoast_head":"<!-- This site is optimized with the Yoast SEO plugin v21.8.1 - https:\/\/yoast.com\/wordpress\/plugins\/seo\/ -->\n<title>Galerie Mage \u00e0 Toulouse du 15 au 20 novembre 2021 - Michele Guilloteau<\/title>\n<meta name=\"robots\" content=\"index, follow, max-snippet:-1, max-image-preview:large, max-video-preview:-1\" \/>\n<link rel=\"canonical\" href=\"https:\/\/www.micheleguilloteau.fr\/galerie-mage-a-toulouse-du-15-au-20-novembre-2021\/\" \/>\n<meta property=\"og:locale\" content=\"en_US\" \/>\n<meta property=\"og:type\" content=\"article\" \/>\n<meta property=\"og:title\" content=\"Galerie Mage \u00e0 Toulouse du 15 au 20 novembre 2021 - Michele Guilloteau\" \/>\n<meta property=\"og:description\" content=\"Derni\u00e8re exposition de l&#8217;ann\u00e9e \u00e0 Toulouse \u00e0 la Galerie Mage avec mon amie c\u00e9ramiste sandrine Sueres du 15 au 20 novembre 2021. Derni\u00e8re minute : [&hellip;] Read More\" \/>\n<meta property=\"og:url\" content=\"https:\/\/www.micheleguilloteau.fr\/galerie-mage-a-toulouse-du-15-au-20-novembre-2021\/\" \/>\n<meta property=\"og:site_name\" content=\"Michele Guilloteau\" \/>\n<meta property=\"article:publisher\" content=\"https:\/\/www.facebook.com\/micheleguilloteau.skyline\/?ref=bookmarks\" \/>\n<meta property=\"article:published_time\" content=\"2021-10-21T15:27:49+00:00\" \/>\n<meta property=\"article:modified_time\" content=\"2021-11-11T18:12:34+00:00\" \/>\n<meta property=\"og:image\" content=\"https:\/\/i2.wp.com\/www.micheleguilloteau.fr\/wp-content\/uploads\/2019\/11\/20191117_161634_HDR2_resized.jpg?fit=2766%2C1560&ssl=1\" \/>\n\t<meta property=\"og:image:width\" content=\"2766\" \/>\n\t<meta property=\"og:image:height\" content=\"1560\" \/>\n\t<meta property=\"og:image:type\" content=\"image\/jpeg\" \/>\n<meta name=\"author\" content=\"Michele Guilloteau\" \/>\n<meta name=\"twitter:card\" content=\"summary_large_image\" \/>\n<meta name=\"twitter:creator\" content=\"@GuilloteauArt\" \/>\n<meta name=\"twitter:site\" content=\"@GuilloteauArt\" \/>\n<meta name=\"twitter:label1\" content=\"Written by\" \/>\n\t<meta name=\"twitter:data1\" content=\"Michele Guilloteau\" \/>\n\t<meta name=\"twitter:label2\" content=\"Est. reading time\" \/>\n\t<meta name=\"twitter:data2\" content=\"1 minute\" \/>\n<script type=\"application\/ld+json\" class=\"yoast-schema-graph\">{\"@context\":\"https:\/\/schema.org\",\"@graph\":[{\"@type\":\"WebPage\",\"@id\":\"https:\/\/www.micheleguilloteau.fr\/galerie-mage-a-toulouse-du-15-au-20-novembre-2021\/\",\"url\":\"https:\/\/www.micheleguilloteau.fr\/galerie-mage-a-toulouse-du-15-au-20-novembre-2021\/\",\"name\":\"Galerie Mage \u00e0 Toulouse du 15 au 20 novembre 2021 - Michele Guilloteau\",\"isPartOf\":{\"@id\":\"https:\/\/www.micheleguilloteau.fr\/#website\"},\"datePublished\":\"2021-10-21T15:27:49+00:00\",\"dateModified\":\"2021-11-11T18:12:34+00:00\",\"author\":{\"@id\":\"https:\/\/www.micheleguilloteau.fr\/#\/schema\/person\/cf11075f014beb0078cec7484209ee08\"},\"breadcrumb\":{\"@id\":\"https:\/\/www.micheleguilloteau.fr\/galerie-mage-a-toulouse-du-15-au-20-novembre-2021\/#breadcrumb\"},\"inLanguage\":\"en-US\",\"potentialAction\":[{\"@type\":\"ReadAction\",\"target\":[\"https:\/\/www.micheleguilloteau.fr\/galerie-mage-a-toulouse-du-15-au-20-novembre-2021\/\"]}]},{\"@type\":\"BreadcrumbList\",\"@id\":\"https:\/\/www.micheleguilloteau.fr\/galerie-mage-a-toulouse-du-15-au-20-novembre-2021\/#breadcrumb\",\"itemListElement\":[{\"@type\":\"ListItem\",\"position\":1,\"name\":\"Accueil\",\"item\":\"https:\/\/www.micheleguilloteau.fr\/\"},{\"@type\":\"ListItem\",\"position\":2,\"name\":\"Galerie Mage \u00e0 Toulouse du 15 au 20 novembre 2021\"}]},{\"@type\":\"WebSite\",\"@id\":\"https:\/\/www.micheleguilloteau.fr\/#website\",\"url\":\"https:\/\/www.micheleguilloteau.fr\/\",\"name\":\"Michele Guilloteau\",\"description\":\"La Ligne et la mati\u00e8re avant tout\",\"potentialAction\":[{\"@type\":\"SearchAction\",\"target\":{\"@type\":\"EntryPoint\",\"urlTemplate\":\"https:\/\/www.micheleguilloteau.fr\/?s={search_term_string}\"},\"query-input\":\"required name=search_term_string\"}],\"inLanguage\":\"en-US\"},{\"@type\":\"Person\",\"@id\":\"https:\/\/www.micheleguilloteau.fr\/#\/schema\/person\/cf11075f014beb0078cec7484209ee08\",\"name\":\"Michele Guilloteau\",\"image\":{\"@type\":\"ImageObject\",\"inLanguage\":\"en-US\",\"@id\":\"https:\/\/www.micheleguilloteau.fr\/#\/schema\/person\/image\/\",\"url\":\"https:\/\/secure.gravatar.com\/avatar\/27b517d514ce5bb52d610cb620b373e3?s=96&d=mm&r=g\",\"contentUrl\":\"https:\/\/secure.gravatar.com\/avatar\/27b517d514ce5bb52d610cb620b373e3?s=96&d=mm&r=g\",\"caption\":\"Michele Guilloteau\"},\"sameAs\":[\"http:\/\/www.micheleguilloteau.fr\"]}]}<\/script>\n<!-- \/ Yoast SEO plugin. -->","yoast_head_json":{"title":"Galerie Mage \u00e0 Toulouse du 15 au 20 novembre 2021 - Michele Guilloteau","robots":{"index":"index","follow":"follow","max-snippet":"max-snippet:-1","max-image-preview":"max-image-preview:large","max-video-preview":"max-video-preview:-1"},"canonical":"https:\/\/www.micheleguilloteau.fr\/galerie-mage-a-toulouse-du-15-au-20-novembre-2021\/","og_locale":"en_US","og_type":"article","og_title":"Galerie Mage \u00e0 Toulouse du 15 au 20 novembre 2021 - Michele Guilloteau","og_description":"Derni\u00e8re exposition de l&#8217;ann\u00e9e \u00e0 Toulouse \u00e0 la Galerie Mage avec mon amie c\u00e9ramiste sandrine Sueres du 15 au 20 novembre 2021. Derni\u00e8re minute : [&hellip;] Read More","og_url":"https:\/\/www.micheleguilloteau.fr\/galerie-mage-a-toulouse-du-15-au-20-novembre-2021\/","og_site_name":"Michele Guilloteau","article_publisher":"https:\/\/www.facebook.com\/micheleguilloteau.skyline\/?ref=bookmarks","article_published_time":"2021-10-21T15:27:49+00:00","article_modified_time":"2021-11-11T18:12:34+00:00","og_image":[{"width":2766,"height":1560,"url":"https:\/\/i2.wp.com\/www.micheleguilloteau.fr\/wp-content\/uploads\/2019\/11\/20191117_161634_HDR2_resized.jpg?fit=2766%2C1560&ssl=1","type":"image\/jpeg"}],"author":"Michele Guilloteau","twitter_card":"summary_large_image","twitter_creator":"@GuilloteauArt","twitter_site":"@GuilloteauArt","twitter_misc":{"Written by":"Michele Guilloteau","Est. reading time":"1 minute"},"schema":{"@context":"https:\/\/schema.org","@graph":[{"@type":"WebPage","@id":"https:\/\/www.micheleguilloteau.fr\/galerie-mage-a-toulouse-du-15-au-20-novembre-2021\/","url":"https:\/\/www.micheleguilloteau.fr\/galerie-mage-a-toulouse-du-15-au-20-novembre-2021\/","name":"Galerie Mage \u00e0 Toulouse du 15 au 20 novembre 2021 - Michele Guilloteau","isPartOf":{"@id":"https:\/\/www.micheleguilloteau.fr\/#website"},"datePublished":"2021-10-21T15:27:49+00:00","dateModified":"2021-11-11T18:12:34+00:00","author":{"@id":"https:\/\/www.micheleguilloteau.fr\/#\/schema\/person\/cf11075f014beb0078cec7484209ee08"},"breadcrumb":{"@id":"https:\/\/www.micheleguilloteau.fr\/galerie-mage-a-toulouse-du-15-au-20-novembre-2021\/#breadcrumb"},"inLanguage":"en-US","potentialAction":[{"@type":"ReadAction","target":["https:\/\/www.micheleguilloteau.fr\/galerie-mage-a-toulouse-du-15-au-20-novembre-2021\/"]}]},{"@type":"BreadcrumbList","@id":"https:\/\/www.micheleguilloteau.fr\/galerie-mage-a-toulouse-du-15-au-20-novembre-2021\/#breadcrumb","itemListElement":[{"@type":"ListItem","position":1,"name":"Accueil","item":"https:\/\/www.micheleguilloteau.fr\/"},{"@type":"ListItem","position":2,"name":"Galerie Mage \u00e0 Toulouse du 15 au 20 novembre 2021"}]},{"@type":"WebSite","@id":"https:\/\/www.micheleguilloteau.fr\/#website","url":"https:\/\/www.micheleguilloteau.fr\/","name":"Michele Guilloteau","description":"La Ligne et la mati\u00e8re avant tout","potentialAction":[{"@type":"SearchAction","target":{"@type":"EntryPoint","urlTemplate":"https:\/\/www.micheleguilloteau.fr\/?s={search_term_string}"},"query-input":"required name=search_term_string"}],"inLanguage":"en-US"},{"@type":"Person","@id":"https:\/\/www.micheleguilloteau.fr\/#\/schema\/person\/cf11075f014beb0078cec7484209ee08","name":"Michele Guilloteau","image":{"@type":"ImageObject","inLanguage":"en-US","@id":"https:\/\/www.micheleguilloteau.fr\/#\/schema\/person\/image\/","url":"https:\/\/secure.gravatar.com\/avatar\/27b517d514ce5bb52d610cb620b373e3?s=96&d=mm&r=g","contentUrl":"https:\/\/secure.gravatar.com\/avatar\/27b517d514ce5bb52d610cb620b373e3?s=96&d=mm&r=g","caption":"Michele Guilloteau"},"sameAs":["http:\/\/www.micheleguilloteau.fr"]}]}},"jetpack_featured_media_url":"https:\/\/i0.wp.com\/www.micheleguilloteau.fr\/wp-content\/uploads\/2019\/11\/20191117_161634_HDR2_resized.jpg?fit=2766%2C1560&ssl=1","jetpack_shortlink":"https:\/\/wp.me\/p9ke2Y-Rv","jetpack_likes_enabled":false,"jetpack_sharing_enabled":true,"_links":{"self":[{"href":"https:\/\/www.micheleguilloteau.fr\/en\/wp-json\/wp\/v2\/posts\/3317"}],"collection":[{"href":"https:\/\/www.micheleguilloteau.fr\/en\/wp-json\/wp\/v2\/posts"}],"about":[{"href":"https:\/\/www.micheleguilloteau.fr\/en\/wp-json\/wp\/v2\/types\/post"}],"author":[{"embeddable":true,"href":"https:\/\/www.micheleguilloteau.fr\/en\/wp-json\/wp\/v2\/users\/1"}],"replies":[{"embeddable":true,"href":"https:\/\/www.micheleguilloteau.fr\/en\/wp-json\/wp\/v2\/comments?post=3317"}],"version-history":[{"count":3,"href":"https:\/\/www.micheleguilloteau.fr\/en\/wp-json\/wp\/v2\/posts\/3317\/revisions"}],"predecessor-version":[{"id":3331,"href":"https:\/\/www.micheleguilloteau.fr\/en\/wp-json\/wp\/v2\/posts\/3317\/revisions\/3331"}],"wp:featuredmedia":[{"embeddable":true,"href":"https:\/\/www.micheleguilloteau.fr\/en\/wp-json\/wp\/v2\/media\/2762"}],"wp:attachment":[{"href":"https:\/\/www.micheleguilloteau.fr\/en\/wp-json\/wp\/v2\/media?parent=3317"}],"wp:term":[{"taxonomy":"category","embeddable":true,"href":"https:\/\/www.micheleguilloteau.fr\/en\/wp-json\/wp\/v2\/categories?post=3317"},{"taxonomy":"post_tag","embeddable":true,"href":"https:\/\/www.micheleguilloteau.fr\/en\/wp-json\/wp\/v2\/tags?post=3317"}],"curies":[{"name":"wp","href":"https:\/\/api.w.org\/{rel}","templated":true}]}}