{"id":3504,"date":"2023-02-20T20:15:07","date_gmt":"2023-02-20T19:15:07","guid":{"rendered":"https:\/\/www.micheleguilloteau.fr\/?p=3504"},"modified":"2023-02-20T20:51:33","modified_gmt":"2023-02-20T19:51:33","slug":"salon-dart-contemporain-art3f-nantes-du-10-au-12-mars-2023","status":"publish","type":"post","link":"https:\/\/www.micheleguilloteau.fr\/en\/salon-dart-contemporain-art3f-nantes-du-10-au-12-mars-2023\/","title":{"rendered":"Salon d&#8217;Art Contemporain ART3F Nantes &#8211; du 10 au 12 mars 2023"},"content":{"rendered":"\n<p><\/p>\n\n\n\n<p><strong>Je suis tr\u00e8s heureuse de participer \u00e0 nouveau \u00e0 ce tr\u00e8s beau salon rassemblant environ 200 artistes de la France enti\u00e8re.<\/strong><\/p>\n\n\n\n<div class=\"wp-block-image\"><figure class=\"aligncenter size-large\"><img decoding=\"async\" loading=\"lazy\" width=\"591\" height=\"267\" src=\"https:\/\/i0.wp.com\/www.micheleguilloteau.fr\/wp-content\/uploads\/2023\/02\/Art3F-Nantes-2023_web.jpg?resize=591%2C267&#038;ssl=1\" alt=\"\" class=\"wp-image-3499\" srcset=\"https:\/\/i0.wp.com\/www.micheleguilloteau.fr\/wp-content\/uploads\/2023\/02\/Art3F-Nantes-2023_web.jpg?w=591&amp;ssl=1 591w, https:\/\/i0.wp.com\/www.micheleguilloteau.fr\/wp-content\/uploads\/2023\/02\/Art3F-Nantes-2023_web.jpg?resize=300%2C136&amp;ssl=1 300w\" sizes=\"(max-width: 591px) 100vw, 591px\" data-recalc-dims=\"1\" \/><\/figure><\/div>\n\n\n\n<p><\/p>\n\n\n\n<p><strong>Il aura lieu du 10 au 12 mars 2023 au Palais des Congr\u00e8s de Exponantes.<\/strong><\/p>\n\n\n\n<p><strong><span style=\"text-decoration: underline;\">Les horaires<\/span> :<\/strong><\/p>\n\n\n\n<p><strong>Vendredi 10 mars 16h-23h<\/strong><\/p>\n\n\n\n<p><strong>Samedi 11 mars 10h-20h<\/strong><\/p>\n\n\n\n<p><strong>Dimanche 12 mars 10h-19h<\/strong><\/p>\n\n\n\n<p><strong>Je vous pr\u00e9senterais mes derniers tableaux r\u00e9alis\u00e9s cet hiver.<\/strong><\/p>\n\n\n\n<p><strong>Imprimez vos <span style=\"color:#a30016\" class=\"has-inline-color\">invitations gratuites<\/span> en cliquant sur <\/strong><a href=\"https:\/\/www.art3f.fr\/form\/fr-nantes-exposant23\/?exp=Michele_Guilloteau&amp;fbclid=IwAR1RCJp9hCr8sMD9qhQ4QpkoriV9ZZlFGdAbrWYDAVRchhvcuA26L9OEO5I\"> <strong>ARTF NANTES 2023<\/strong><\/a><\/p>\n\n\n\n<p><\/p>\n\n\n\n<p><strong>Si vous ne pouvez pas venir \u00e0 Nantes, retrouvez-moi \u00e0 partir du 09 avril 2023 dans mon Atelier Galerie Bleu Oc\u00e9an \u00e0 Gu\u00e9rande.<\/strong><\/p>\n\n\n\n<p><\/p>\n","protected":false},"excerpt":{"rendered":"<p>Je suis tr\u00e8s heureuse de participer \u00e0 nouveau \u00e0 ce tr\u00e8s beau salon rassemblant environ 200 artistes de la France enti\u00e8re. Il aura lieu du [&hellip;] <span class=\"read-more-link\"><a class=\"read-more\" href=\"https:\/\/www.micheleguilloteau.fr\/en\/salon-dart-contemporain-art3f-nantes-du-10-au-12-mars-2023\/\">Read More<\/a><\/span><\/p>\n","protected":false},"author":1,"featured_media":3500,"comment_status":"closed","ping_status":"open","sticky":false,"template":"","format":"standard","meta":{"ngg_post_thumbnail":0,"jetpack_post_was_ever_published":false,"_jetpack_newsletter_access":"","_jetpack_newsletter_tier_id":0},"categories":[1],"tags":[],"yoast_head":"<!-- This site is optimized with the Yoast SEO plugin v21.8.1 - https:\/\/yoast.com\/wordpress\/plugins\/seo\/ -->\n<title>Salon d&#039;Art Contemporain ART3F Nantes - du 10 au 12 mars 2023 - Michele Guilloteau<\/title>\n<meta name=\"robots\" content=\"index, follow, max-snippet:-1, max-image-preview:large, max-video-preview:-1\" \/>\n<link rel=\"canonical\" href=\"https:\/\/www.micheleguilloteau.fr\/salon-dart-contemporain-art3f-nantes-du-10-au-12-mars-2023\/\" \/>\n<meta property=\"og:locale\" content=\"en_US\" \/>\n<meta property=\"og:type\" content=\"article\" \/>\n<meta property=\"og:title\" content=\"Salon d&#039;Art Contemporain ART3F Nantes - du 10 au 12 mars 2023 - Michele Guilloteau\" \/>\n<meta property=\"og:description\" content=\"Je suis tr\u00e8s heureuse de participer \u00e0 nouveau \u00e0 ce tr\u00e8s beau salon rassemblant environ 200 artistes de la France enti\u00e8re. Il aura lieu du [&hellip;] Read More\" \/>\n<meta property=\"og:url\" content=\"https:\/\/www.micheleguilloteau.fr\/salon-dart-contemporain-art3f-nantes-du-10-au-12-mars-2023\/\" \/>\n<meta property=\"og:site_name\" content=\"Michele Guilloteau\" \/>\n<meta property=\"article:publisher\" content=\"https:\/\/www.facebook.com\/micheleguilloteau.skyline\/?ref=bookmarks\" \/>\n<meta property=\"article:published_time\" content=\"2023-02-20T19:15:07+00:00\" \/>\n<meta property=\"article:modified_time\" content=\"2023-02-20T19:51:33+00:00\" \/>\n<meta property=\"og:image\" content=\"https:\/\/www.micheleguilloteau.fr\/wp-content\/uploads\/2023\/02\/314454445_6301519024329_9097434213069334501_n.jpg\" \/>\n\t<meta property=\"og:image:width\" content=\"526\" \/>\n\t<meta property=\"og:image:height\" content=\"395\" \/>\n\t<meta property=\"og:image:type\" content=\"image\/jpeg\" \/>\n<meta name=\"author\" content=\"Michele Guilloteau\" \/>\n<meta name=\"twitter:card\" content=\"summary_large_image\" \/>\n<meta name=\"twitter:creator\" content=\"@GuilloteauArt\" \/>\n<meta name=\"twitter:site\" content=\"@GuilloteauArt\" \/>\n<meta name=\"twitter:label1\" content=\"Written by\" \/>\n\t<meta name=\"twitter:data1\" content=\"Michele Guilloteau\" \/>\n\t<meta name=\"twitter:label2\" content=\"Est. reading time\" \/>\n\t<meta name=\"twitter:data2\" content=\"1 minute\" \/>\n<script type=\"application\/ld+json\" class=\"yoast-schema-graph\">{\"@context\":\"https:\/\/schema.org\",\"@graph\":[{\"@type\":\"WebPage\",\"@id\":\"https:\/\/www.micheleguilloteau.fr\/salon-dart-contemporain-art3f-nantes-du-10-au-12-mars-2023\/\",\"url\":\"https:\/\/www.micheleguilloteau.fr\/salon-dart-contemporain-art3f-nantes-du-10-au-12-mars-2023\/\",\"name\":\"Salon d'Art Contemporain ART3F Nantes - du 10 au 12 mars 2023 - Michele Guilloteau\",\"isPartOf\":{\"@id\":\"https:\/\/www.micheleguilloteau.fr\/#website\"},\"datePublished\":\"2023-02-20T19:15:07+00:00\",\"dateModified\":\"2023-02-20T19:51:33+00:00\",\"author\":{\"@id\":\"https:\/\/www.micheleguilloteau.fr\/#\/schema\/person\/cf11075f014beb0078cec7484209ee08\"},\"breadcrumb\":{\"@id\":\"https:\/\/www.micheleguilloteau.fr\/salon-dart-contemporain-art3f-nantes-du-10-au-12-mars-2023\/#breadcrumb\"},\"inLanguage\":\"en-US\",\"potentialAction\":[{\"@type\":\"ReadAction\",\"target\":[\"https:\/\/www.micheleguilloteau.fr\/salon-dart-contemporain-art3f-nantes-du-10-au-12-mars-2023\/\"]}]},{\"@type\":\"BreadcrumbList\",\"@id\":\"https:\/\/www.micheleguilloteau.fr\/salon-dart-contemporain-art3f-nantes-du-10-au-12-mars-2023\/#breadcrumb\",\"itemListElement\":[{\"@type\":\"ListItem\",\"position\":1,\"name\":\"Accueil\",\"item\":\"https:\/\/www.micheleguilloteau.fr\/\"},{\"@type\":\"ListItem\",\"position\":2,\"name\":\"Salon d&rsquo;Art Contemporain ART3F Nantes &#8211; du 10 au 12 mars 2023\"}]},{\"@type\":\"WebSite\",\"@id\":\"https:\/\/www.micheleguilloteau.fr\/#website\",\"url\":\"https:\/\/www.micheleguilloteau.fr\/\",\"name\":\"Michele Guilloteau\",\"description\":\"La Ligne et la mati\u00e8re avant tout\",\"potentialAction\":[{\"@type\":\"SearchAction\",\"target\":{\"@type\":\"EntryPoint\",\"urlTemplate\":\"https:\/\/www.micheleguilloteau.fr\/?s={search_term_string}\"},\"query-input\":\"required name=search_term_string\"}],\"inLanguage\":\"en-US\"},{\"@type\":\"Person\",\"@id\":\"https:\/\/www.micheleguilloteau.fr\/#\/schema\/person\/cf11075f014beb0078cec7484209ee08\",\"name\":\"Michele Guilloteau\",\"image\":{\"@type\":\"ImageObject\",\"inLanguage\":\"en-US\",\"@id\":\"https:\/\/www.micheleguilloteau.fr\/#\/schema\/person\/image\/\",\"url\":\"https:\/\/secure.gravatar.com\/avatar\/27b517d514ce5bb52d610cb620b373e3?s=96&d=mm&r=g\",\"contentUrl\":\"https:\/\/secure.gravatar.com\/avatar\/27b517d514ce5bb52d610cb620b373e3?s=96&d=mm&r=g\",\"caption\":\"Michele Guilloteau\"},\"sameAs\":[\"http:\/\/www.micheleguilloteau.fr\"]}]}<\/script>\n<!-- \/ Yoast SEO plugin. -->","yoast_head_json":{"title":"Salon d'Art Contemporain ART3F Nantes - du 10 au 12 mars 2023 - Michele Guilloteau","robots":{"index":"index","follow":"follow","max-snippet":"max-snippet:-1","max-image-preview":"max-image-preview:large","max-video-preview":"max-video-preview:-1"},"canonical":"https:\/\/www.micheleguilloteau.fr\/salon-dart-contemporain-art3f-nantes-du-10-au-12-mars-2023\/","og_locale":"en_US","og_type":"article","og_title":"Salon d'Art Contemporain ART3F Nantes - du 10 au 12 mars 2023 - Michele Guilloteau","og_description":"Je suis tr\u00e8s heureuse de participer \u00e0 nouveau \u00e0 ce tr\u00e8s beau salon rassemblant environ 200 artistes de la France enti\u00e8re. Il aura lieu du [&hellip;] Read More","og_url":"https:\/\/www.micheleguilloteau.fr\/salon-dart-contemporain-art3f-nantes-du-10-au-12-mars-2023\/","og_site_name":"Michele Guilloteau","article_publisher":"https:\/\/www.facebook.com\/micheleguilloteau.skyline\/?ref=bookmarks","article_published_time":"2023-02-20T19:15:07+00:00","article_modified_time":"2023-02-20T19:51:33+00:00","og_image":[{"width":526,"height":395,"url":"https:\/\/www.micheleguilloteau.fr\/wp-content\/uploads\/2023\/02\/314454445_6301519024329_9097434213069334501_n.jpg","type":"image\/jpeg"}],"author":"Michele Guilloteau","twitter_card":"summary_large_image","twitter_creator":"@GuilloteauArt","twitter_site":"@GuilloteauArt","twitter_misc":{"Written by":"Michele Guilloteau","Est. reading time":"1 minute"},"schema":{"@context":"https:\/\/schema.org","@graph":[{"@type":"WebPage","@id":"https:\/\/www.micheleguilloteau.fr\/salon-dart-contemporain-art3f-nantes-du-10-au-12-mars-2023\/","url":"https:\/\/www.micheleguilloteau.fr\/salon-dart-contemporain-art3f-nantes-du-10-au-12-mars-2023\/","name":"Salon d'Art Contemporain ART3F Nantes - du 10 au 12 mars 2023 - Michele Guilloteau","isPartOf":{"@id":"https:\/\/www.micheleguilloteau.fr\/#website"},"datePublished":"2023-02-20T19:15:07+00:00","dateModified":"2023-02-20T19:51:33+00:00","author":{"@id":"https:\/\/www.micheleguilloteau.fr\/#\/schema\/person\/cf11075f014beb0078cec7484209ee08"},"breadcrumb":{"@id":"https:\/\/www.micheleguilloteau.fr\/salon-dart-contemporain-art3f-nantes-du-10-au-12-mars-2023\/#breadcrumb"},"inLanguage":"en-US","potentialAction":[{"@type":"ReadAction","target":["https:\/\/www.micheleguilloteau.fr\/salon-dart-contemporain-art3f-nantes-du-10-au-12-mars-2023\/"]}]},{"@type":"BreadcrumbList","@id":"https:\/\/www.micheleguilloteau.fr\/salon-dart-contemporain-art3f-nantes-du-10-au-12-mars-2023\/#breadcrumb","itemListElement":[{"@type":"ListItem","position":1,"name":"Accueil","item":"https:\/\/www.micheleguilloteau.fr\/"},{"@type":"ListItem","position":2,"name":"Salon d&rsquo;Art Contemporain ART3F Nantes &#8211; du 10 au 12 mars 2023"}]},{"@type":"WebSite","@id":"https:\/\/www.micheleguilloteau.fr\/#website","url":"https:\/\/www.micheleguilloteau.fr\/","name":"Michele Guilloteau","description":"La Ligne et la mati\u00e8re avant tout","potentialAction":[{"@type":"SearchAction","target":{"@type":"EntryPoint","urlTemplate":"https:\/\/www.micheleguilloteau.fr\/?s={search_term_string}"},"query-input":"required name=search_term_string"}],"inLanguage":"en-US"},{"@type":"Person","@id":"https:\/\/www.micheleguilloteau.fr\/#\/schema\/person\/cf11075f014beb0078cec7484209ee08","name":"Michele Guilloteau","image":{"@type":"ImageObject","inLanguage":"en-US","@id":"https:\/\/www.micheleguilloteau.fr\/#\/schema\/person\/image\/","url":"https:\/\/secure.gravatar.com\/avatar\/27b517d514ce5bb52d610cb620b373e3?s=96&d=mm&r=g","contentUrl":"https:\/\/secure.gravatar.com\/avatar\/27b517d514ce5bb52d610cb620b373e3?s=96&d=mm&r=g","caption":"Michele Guilloteau"},"sameAs":["http:\/\/www.micheleguilloteau.fr"]}]}},"jetpack_featured_media_url":"https:\/\/i0.wp.com\/www.micheleguilloteau.fr\/wp-content\/uploads\/2023\/02\/314454445_6301519024329_9097434213069334501_n.jpg?fit=526%2C395&ssl=1","jetpack_shortlink":"https:\/\/wp.me\/p9ke2Y-Uw","jetpack_likes_enabled":false,"jetpack_sharing_enabled":true,"_links":{"self":[{"href":"https:\/\/www.micheleguilloteau.fr\/en\/wp-json\/wp\/v2\/posts\/3504"}],"collection":[{"href":"https:\/\/www.micheleguilloteau.fr\/en\/wp-json\/wp\/v2\/posts"}],"about":[{"href":"https:\/\/www.micheleguilloteau.fr\/en\/wp-json\/wp\/v2\/types\/post"}],"author":[{"embeddable":true,"href":"https:\/\/www.micheleguilloteau.fr\/en\/wp-json\/wp\/v2\/users\/1"}],"replies":[{"embeddable":true,"href":"https:\/\/www.micheleguilloteau.fr\/en\/wp-json\/wp\/v2\/comments?post=3504"}],"version-history":[{"count":5,"href":"https:\/\/www.micheleguilloteau.fr\/en\/wp-json\/wp\/v2\/posts\/3504\/revisions"}],"predecessor-version":[{"id":3543,"href":"https:\/\/www.micheleguilloteau.fr\/en\/wp-json\/wp\/v2\/posts\/3504\/revisions\/3543"}],"wp:featuredmedia":[{"embeddable":true,"href":"https:\/\/www.micheleguilloteau.fr\/en\/wp-json\/wp\/v2\/media\/3500"}],"wp:attachment":[{"href":"https:\/\/www.micheleguilloteau.fr\/en\/wp-json\/wp\/v2\/media?parent=3504"}],"wp:term":[{"taxonomy":"category","embeddable":true,"href":"https:\/\/www.micheleguilloteau.fr\/en\/wp-json\/wp\/v2\/categories?post=3504"},{"taxonomy":"post_tag","embeddable":true,"href":"https:\/\/www.micheleguilloteau.fr\/en\/wp-json\/wp\/v2\/tags?post=3504"}],"curies":[{"name":"wp","href":"https:\/\/api.w.org\/{rel}","templated":true}]}}