{"id":3529,"date":"2023-06-01T16:47:48","date_gmt":"2023-06-01T14:47:48","guid":{"rendered":"https:\/\/www.micheleguilloteau.fr\/?p=3529"},"modified":"2023-08-26T11:38:04","modified_gmt":"2023-08-26T09:38:04","slug":"galerie-bleu-ocean-guerande-jours-douverture-et-horaires","status":"publish","type":"post","link":"https:\/\/www.micheleguilloteau.fr\/en\/galerie-bleu-ocean-guerande-jours-douverture-et-horaires\/","title":{"rendered":"Galerie Bleu Oc\u00e9an &#8211; Gu\u00e9rande (Jours d&#8217;ouverture et horaires)"},"content":{"rendered":"\n<figure class=\"wp-block-image size-full\"><img decoding=\"async\" loading=\"lazy\" width=\"591\" height=\"593\" src=\"https:\/\/i0.wp.com\/www.micheleguilloteau.fr\/wp-content\/uploads\/2023\/02\/Surfeuse-2023_signature_80x80_2.jpg?resize=591%2C593&#038;ssl=1\" alt=\"\" class=\"wp-image-3501\" srcset=\"https:\/\/i0.wp.com\/www.micheleguilloteau.fr\/wp-content\/uploads\/2023\/02\/Surfeuse-2023_signature_80x80_2.jpg?w=591&amp;ssl=1 591w, https:\/\/i0.wp.com\/www.micheleguilloteau.fr\/wp-content\/uploads\/2023\/02\/Surfeuse-2023_signature_80x80_2.jpg?resize=300%2C300&amp;ssl=1 300w, https:\/\/i0.wp.com\/www.micheleguilloteau.fr\/wp-content\/uploads\/2023\/02\/Surfeuse-2023_signature_80x80_2.jpg?resize=150%2C150&amp;ssl=1 150w\" sizes=\"(max-width: 591px) 100vw, 591px\" data-recalc-dims=\"1\" \/><figcaption class=\"wp-element-caption\">Surfeuse 80&#215;80<\/figcaption><\/figure>\n\n\n\n<p>L&#8217; Atelier Galerie Bleu Oc\u00e9an \u00e0 ouvert ses portes \u00e0 Gu\u00e9rande pour sa 4eme saison d\u00e9j\u00e0 !! Que du bonheur de retrouver maintenant chaque ann\u00e9e des clients fid\u00e8les, curieux de d\u00e9couvrir les nouveaut\u00e9s et de faire de nouvelles rencontres.<\/p>\n\n\n\n<p>Voici mes horaires, en g\u00e9n\u00e9ral :<\/p>\n\n\n\n<ul>\n<li>Mardi au samedi   11h &#8211; 18h30<\/li>\n\n\n\n<li>Dimanche 12h &#8211; 17h<\/li>\n<\/ul>\n\n\n\n<p>Ferm\u00e9 le lundi (hors juillet\/ao\u00fbt)<\/p>\n\n\n\n<p>N&#8217;h\u00e9sitez pas \u00e0 me contacter pour \u00eatre s\u00fbr de ma pr\u00e9sence.<\/p>\n\n\n\n<p>Je vous re\u00e7ois aussi sur rendez vous en-dehors de ces horaires.<\/p>\n\n\n\n<p>L&#8217;exp\u00e9diton des tableaux est possible. Vous pouvez me contacter et je vous pr\u00e9senterais un devis. Pour les petits et moyens formats, en colissimo. Pour les plus grands formats, par transporteur.<\/p>\n\n\n\n<p>Les jours de fermeture pr\u00e9vus :<\/p>\n\n\n\n<ul>\n<li>Dimanche 27\/08<\/li>\n\n\n\n<li>Lundi 28\/08<\/li>\n\n\n\n<li>Dimanche 03\/09<\/li>\n<\/ul>\n\n\n\n<p>Possible sur rendez-vous \u00e9galement en dehors des heures d&#8217;ouverture.<\/p>\n\n\n\n<p>A bient\u00f4t !!<\/p>\n\n\n\n<figure class=\"wp-block-image size-full\"><img decoding=\"async\" loading=\"lazy\" width=\"709\" height=\"560\" src=\"https:\/\/i0.wp.com\/www.micheleguilloteau.fr\/wp-content\/uploads\/2023\/06\/Regate-des-Geants_92x73_2023_2.jpg?resize=709%2C560&#038;ssl=1\" alt=\"\" class=\"wp-image-3534\" srcset=\"https:\/\/i0.wp.com\/www.micheleguilloteau.fr\/wp-content\/uploads\/2023\/06\/Regate-des-Geants_92x73_2023_2.jpg?w=709&amp;ssl=1 709w, https:\/\/i0.wp.com\/www.micheleguilloteau.fr\/wp-content\/uploads\/2023\/06\/Regate-des-Geants_92x73_2023_2.jpg?resize=300%2C237&amp;ssl=1 300w\" sizes=\"(max-width: 709px) 100vw, 709px\" data-recalc-dims=\"1\" \/><\/figure>\n\n\n\n<figure class=\"wp-block-image size-large is-resized\"><img decoding=\"async\" loading=\"lazy\" src=\"https:\/\/i0.wp.com\/www.micheleguilloteau.fr\/wp-content\/uploads\/2023\/06\/IMG_20230407_195910_550.jpg?resize=759%2C570&#038;ssl=1\" alt=\"\" class=\"wp-image-3537\" width=\"759\" height=\"570\" srcset=\"https:\/\/i0.wp.com\/www.micheleguilloteau.fr\/wp-content\/uploads\/2023\/06\/IMG_20230407_195910_550-scaled.jpg?resize=300%2C226&amp;ssl=1 300w, https:\/\/i0.wp.com\/www.micheleguilloteau.fr\/wp-content\/uploads\/2023\/06\/IMG_20230407_195910_550-scaled.jpg?resize=768%2C578&amp;ssl=1 768w, https:\/\/i0.wp.com\/www.micheleguilloteau.fr\/wp-content\/uploads\/2023\/06\/IMG_20230407_195910_550-scaled.jpg?resize=2048%2C1542&amp;ssl=1 2048w, https:\/\/i0.wp.com\/www.micheleguilloteau.fr\/wp-content\/uploads\/2023\/06\/IMG_20230407_195910_550-scaled.jpg?zoom=2&amp;resize=759%2C570&amp;ssl=1 1518w, https:\/\/i0.wp.com\/www.micheleguilloteau.fr\/wp-content\/uploads\/2023\/06\/IMG_20230407_195910_550-scaled.jpg?zoom=3&amp;resize=759%2C570&amp;ssl=1 2277w\" sizes=\"(max-width: 759px) 100vw, 759px\" data-recalc-dims=\"1\" \/><\/figure>\n\n\n\n<figure class=\"wp-block-image size-large\"><img decoding=\"async\" loading=\"lazy\" width=\"1160\" height=\"873\" src=\"https:\/\/i0.wp.com\/www.micheleguilloteau.fr\/wp-content\/uploads\/2023\/06\/PXL_20230319_083031495-1.jpg?resize=1160%2C873&#038;ssl=1\" alt=\"\" class=\"wp-image-3540\" srcset=\"https:\/\/i0.wp.com\/www.micheleguilloteau.fr\/wp-content\/uploads\/2023\/06\/PXL_20230319_083031495-1-scaled.jpg?resize=2000%2C1506&amp;ssl=1 2000w, https:\/\/i0.wp.com\/www.micheleguilloteau.fr\/wp-content\/uploads\/2023\/06\/PXL_20230319_083031495-1-scaled.jpg?resize=300%2C226&amp;ssl=1 300w, https:\/\/i0.wp.com\/www.micheleguilloteau.fr\/wp-content\/uploads\/2023\/06\/PXL_20230319_083031495-1-scaled.jpg?resize=768%2C578&amp;ssl=1 768w, https:\/\/i0.wp.com\/www.micheleguilloteau.fr\/wp-content\/uploads\/2023\/06\/PXL_20230319_083031495-1-scaled.jpg?resize=1536%2C1157&amp;ssl=1 1536w, https:\/\/i0.wp.com\/www.micheleguilloteau.fr\/wp-content\/uploads\/2023\/06\/PXL_20230319_083031495-1-scaled.jpg?resize=2048%2C1542&amp;ssl=1 2048w, https:\/\/i0.wp.com\/www.micheleguilloteau.fr\/wp-content\/uploads\/2023\/06\/PXL_20230319_083031495-1-scaled.jpg?w=2320&amp;ssl=1 2320w\" sizes=\"(max-width: 1160px) 100vw, 1160px\" data-recalc-dims=\"1\" \/><\/figure>\n\n\n\n<figure class=\"wp-block-image size-large is-resized\"><img decoding=\"async\" loading=\"lazy\" src=\"https:\/\/i0.wp.com\/www.micheleguilloteau.fr\/wp-content\/uploads\/2023\/06\/PXL_20230313_181512733.jpg?resize=765%2C574&#038;ssl=1\" alt=\"\" class=\"wp-image-3541\" width=\"765\" height=\"574\" srcset=\"https:\/\/i0.wp.com\/www.micheleguilloteau.fr\/wp-content\/uploads\/2023\/06\/PXL_20230313_181512733-scaled.jpg?resize=300%2C226&amp;ssl=1 300w, https:\/\/i0.wp.com\/www.micheleguilloteau.fr\/wp-content\/uploads\/2023\/06\/PXL_20230313_181512733-scaled.jpg?zoom=2&amp;resize=765%2C574&amp;ssl=1 1530w, https:\/\/i0.wp.com\/www.micheleguilloteau.fr\/wp-content\/uploads\/2023\/06\/PXL_20230313_181512733-scaled.jpg?zoom=3&amp;resize=765%2C574&amp;ssl=1 2295w\" sizes=\"(max-width: 765px) 100vw, 765px\" data-recalc-dims=\"1\" \/><\/figure>\n","protected":false},"excerpt":{"rendered":"<p>L&#8217; Atelier Galerie Bleu Oc\u00e9an \u00e0 ouvert ses portes \u00e0 Gu\u00e9rande pour sa 4eme saison d\u00e9j\u00e0 !! Que du bonheur de retrouver maintenant chaque ann\u00e9e [&hellip;] <span class=\"read-more-link\"><a class=\"read-more\" href=\"https:\/\/www.micheleguilloteau.fr\/en\/galerie-bleu-ocean-guerande-jours-douverture-et-horaires\/\">Read More<\/a><\/span><\/p>\n","protected":false},"author":1,"featured_media":3501,"comment_status":"closed","ping_status":"open","sticky":false,"template":"","format":"standard","meta":{"ngg_post_thumbnail":0,"jetpack_post_was_ever_published":false,"_jetpack_newsletter_access":"","_jetpack_newsletter_tier_id":0},"categories":[1],"tags":[],"yoast_head":"<!-- This site is optimized with the Yoast SEO plugin v21.8.1 - https:\/\/yoast.com\/wordpress\/plugins\/seo\/ -->\n<title>Galerie Bleu Oc\u00e9an - Gu\u00e9rande (Jours d&#039;ouverture et horaires) - Michele Guilloteau<\/title>\n<meta name=\"robots\" content=\"index, follow, max-snippet:-1, max-image-preview:large, max-video-preview:-1\" \/>\n<link rel=\"canonical\" href=\"https:\/\/www.micheleguilloteau.fr\/galerie-bleu-ocean-guerande-jours-douverture-et-horaires\/\" \/>\n<meta property=\"og:locale\" content=\"en_US\" \/>\n<meta property=\"og:type\" content=\"article\" \/>\n<meta property=\"og:title\" content=\"Galerie Bleu Oc\u00e9an - Gu\u00e9rande (Jours d&#039;ouverture et horaires) - Michele Guilloteau\" \/>\n<meta property=\"og:description\" content=\"L&#8217; Atelier Galerie Bleu Oc\u00e9an \u00e0 ouvert ses portes \u00e0 Gu\u00e9rande pour sa 4eme saison d\u00e9j\u00e0 !! Que du bonheur de retrouver maintenant chaque ann\u00e9e [&hellip;] Read More\" \/>\n<meta property=\"og:url\" content=\"https:\/\/www.micheleguilloteau.fr\/galerie-bleu-ocean-guerande-jours-douverture-et-horaires\/\" \/>\n<meta property=\"og:site_name\" content=\"Michele Guilloteau\" \/>\n<meta property=\"article:publisher\" content=\"https:\/\/www.facebook.com\/micheleguilloteau.skyline\/?ref=bookmarks\" \/>\n<meta property=\"article:published_time\" content=\"2023-06-01T14:47:48+00:00\" \/>\n<meta property=\"article:modified_time\" content=\"2023-08-26T09:38:04+00:00\" \/>\n<meta property=\"og:image\" content=\"https:\/\/www.micheleguilloteau.fr\/wp-content\/uploads\/2023\/02\/Surfeuse-2023_signature_80x80_2.jpg\" \/>\n\t<meta property=\"og:image:width\" content=\"591\" \/>\n\t<meta property=\"og:image:height\" content=\"593\" \/>\n\t<meta property=\"og:image:type\" content=\"image\/jpeg\" \/>\n<meta name=\"author\" content=\"Michele Guilloteau\" \/>\n<meta name=\"twitter:card\" content=\"summary_large_image\" \/>\n<meta name=\"twitter:creator\" content=\"@GuilloteauArt\" \/>\n<meta name=\"twitter:site\" content=\"@GuilloteauArt\" \/>\n<meta name=\"twitter:label1\" content=\"Written by\" \/>\n\t<meta name=\"twitter:data1\" content=\"Michele Guilloteau\" \/>\n\t<meta name=\"twitter:label2\" content=\"Est. reading time\" \/>\n\t<meta name=\"twitter:data2\" content=\"2 minutes\" \/>\n<script type=\"application\/ld+json\" class=\"yoast-schema-graph\">{\"@context\":\"https:\/\/schema.org\",\"@graph\":[{\"@type\":\"WebPage\",\"@id\":\"https:\/\/www.micheleguilloteau.fr\/galerie-bleu-ocean-guerande-jours-douverture-et-horaires\/\",\"url\":\"https:\/\/www.micheleguilloteau.fr\/galerie-bleu-ocean-guerande-jours-douverture-et-horaires\/\",\"name\":\"Galerie Bleu Oc\u00e9an - Gu\u00e9rande (Jours d'ouverture et horaires) - Michele Guilloteau\",\"isPartOf\":{\"@id\":\"https:\/\/www.micheleguilloteau.fr\/#website\"},\"datePublished\":\"2023-06-01T14:47:48+00:00\",\"dateModified\":\"2023-08-26T09:38:04+00:00\",\"author\":{\"@id\":\"https:\/\/www.micheleguilloteau.fr\/#\/schema\/person\/cf11075f014beb0078cec7484209ee08\"},\"breadcrumb\":{\"@id\":\"https:\/\/www.micheleguilloteau.fr\/galerie-bleu-ocean-guerande-jours-douverture-et-horaires\/#breadcrumb\"},\"inLanguage\":\"en-US\",\"potentialAction\":[{\"@type\":\"ReadAction\",\"target\":[\"https:\/\/www.micheleguilloteau.fr\/galerie-bleu-ocean-guerande-jours-douverture-et-horaires\/\"]}]},{\"@type\":\"BreadcrumbList\",\"@id\":\"https:\/\/www.micheleguilloteau.fr\/galerie-bleu-ocean-guerande-jours-douverture-et-horaires\/#breadcrumb\",\"itemListElement\":[{\"@type\":\"ListItem\",\"position\":1,\"name\":\"Accueil\",\"item\":\"https:\/\/www.micheleguilloteau.fr\/\"},{\"@type\":\"ListItem\",\"position\":2,\"name\":\"Galerie Bleu Oc\u00e9an &#8211; Gu\u00e9rande (Jours d&rsquo;ouverture et horaires)\"}]},{\"@type\":\"WebSite\",\"@id\":\"https:\/\/www.micheleguilloteau.fr\/#website\",\"url\":\"https:\/\/www.micheleguilloteau.fr\/\",\"name\":\"Michele Guilloteau\",\"description\":\"La Ligne et la mati\u00e8re avant tout\",\"potentialAction\":[{\"@type\":\"SearchAction\",\"target\":{\"@type\":\"EntryPoint\",\"urlTemplate\":\"https:\/\/www.micheleguilloteau.fr\/?s={search_term_string}\"},\"query-input\":\"required name=search_term_string\"}],\"inLanguage\":\"en-US\"},{\"@type\":\"Person\",\"@id\":\"https:\/\/www.micheleguilloteau.fr\/#\/schema\/person\/cf11075f014beb0078cec7484209ee08\",\"name\":\"Michele Guilloteau\",\"image\":{\"@type\":\"ImageObject\",\"inLanguage\":\"en-US\",\"@id\":\"https:\/\/www.micheleguilloteau.fr\/#\/schema\/person\/image\/\",\"url\":\"https:\/\/secure.gravatar.com\/avatar\/27b517d514ce5bb52d610cb620b373e3?s=96&d=mm&r=g\",\"contentUrl\":\"https:\/\/secure.gravatar.com\/avatar\/27b517d514ce5bb52d610cb620b373e3?s=96&d=mm&r=g\",\"caption\":\"Michele Guilloteau\"},\"sameAs\":[\"http:\/\/www.micheleguilloteau.fr\"]}]}<\/script>\n<!-- \/ Yoast SEO plugin. -->","yoast_head_json":{"title":"Galerie Bleu Oc\u00e9an - Gu\u00e9rande (Jours d'ouverture et horaires) - Michele Guilloteau","robots":{"index":"index","follow":"follow","max-snippet":"max-snippet:-1","max-image-preview":"max-image-preview:large","max-video-preview":"max-video-preview:-1"},"canonical":"https:\/\/www.micheleguilloteau.fr\/galerie-bleu-ocean-guerande-jours-douverture-et-horaires\/","og_locale":"en_US","og_type":"article","og_title":"Galerie Bleu Oc\u00e9an - Gu\u00e9rande (Jours d'ouverture et horaires) - Michele Guilloteau","og_description":"L&#8217; Atelier Galerie Bleu Oc\u00e9an \u00e0 ouvert ses portes \u00e0 Gu\u00e9rande pour sa 4eme saison d\u00e9j\u00e0 !! Que du bonheur de retrouver maintenant chaque ann\u00e9e [&hellip;] Read More","og_url":"https:\/\/www.micheleguilloteau.fr\/galerie-bleu-ocean-guerande-jours-douverture-et-horaires\/","og_site_name":"Michele Guilloteau","article_publisher":"https:\/\/www.facebook.com\/micheleguilloteau.skyline\/?ref=bookmarks","article_published_time":"2023-06-01T14:47:48+00:00","article_modified_time":"2023-08-26T09:38:04+00:00","og_image":[{"width":591,"height":593,"url":"https:\/\/www.micheleguilloteau.fr\/wp-content\/uploads\/2023\/02\/Surfeuse-2023_signature_80x80_2.jpg","type":"image\/jpeg"}],"author":"Michele Guilloteau","twitter_card":"summary_large_image","twitter_creator":"@GuilloteauArt","twitter_site":"@GuilloteauArt","twitter_misc":{"Written by":"Michele Guilloteau","Est. reading time":"2 minutes"},"schema":{"@context":"https:\/\/schema.org","@graph":[{"@type":"WebPage","@id":"https:\/\/www.micheleguilloteau.fr\/galerie-bleu-ocean-guerande-jours-douverture-et-horaires\/","url":"https:\/\/www.micheleguilloteau.fr\/galerie-bleu-ocean-guerande-jours-douverture-et-horaires\/","name":"Galerie Bleu Oc\u00e9an - Gu\u00e9rande (Jours d'ouverture et horaires) - Michele Guilloteau","isPartOf":{"@id":"https:\/\/www.micheleguilloteau.fr\/#website"},"datePublished":"2023-06-01T14:47:48+00:00","dateModified":"2023-08-26T09:38:04+00:00","author":{"@id":"https:\/\/www.micheleguilloteau.fr\/#\/schema\/person\/cf11075f014beb0078cec7484209ee08"},"breadcrumb":{"@id":"https:\/\/www.micheleguilloteau.fr\/galerie-bleu-ocean-guerande-jours-douverture-et-horaires\/#breadcrumb"},"inLanguage":"en-US","potentialAction":[{"@type":"ReadAction","target":["https:\/\/www.micheleguilloteau.fr\/galerie-bleu-ocean-guerande-jours-douverture-et-horaires\/"]}]},{"@type":"BreadcrumbList","@id":"https:\/\/www.micheleguilloteau.fr\/galerie-bleu-ocean-guerande-jours-douverture-et-horaires\/#breadcrumb","itemListElement":[{"@type":"ListItem","position":1,"name":"Accueil","item":"https:\/\/www.micheleguilloteau.fr\/"},{"@type":"ListItem","position":2,"name":"Galerie Bleu Oc\u00e9an &#8211; Gu\u00e9rande (Jours d&rsquo;ouverture et horaires)"}]},{"@type":"WebSite","@id":"https:\/\/www.micheleguilloteau.fr\/#website","url":"https:\/\/www.micheleguilloteau.fr\/","name":"Michele Guilloteau","description":"La Ligne et la mati\u00e8re avant tout","potentialAction":[{"@type":"SearchAction","target":{"@type":"EntryPoint","urlTemplate":"https:\/\/www.micheleguilloteau.fr\/?s={search_term_string}"},"query-input":"required name=search_term_string"}],"inLanguage":"en-US"},{"@type":"Person","@id":"https:\/\/www.micheleguilloteau.fr\/#\/schema\/person\/cf11075f014beb0078cec7484209ee08","name":"Michele Guilloteau","image":{"@type":"ImageObject","inLanguage":"en-US","@id":"https:\/\/www.micheleguilloteau.fr\/#\/schema\/person\/image\/","url":"https:\/\/secure.gravatar.com\/avatar\/27b517d514ce5bb52d610cb620b373e3?s=96&d=mm&r=g","contentUrl":"https:\/\/secure.gravatar.com\/avatar\/27b517d514ce5bb52d610cb620b373e3?s=96&d=mm&r=g","caption":"Michele Guilloteau"},"sameAs":["http:\/\/www.micheleguilloteau.fr"]}]}},"jetpack_featured_media_url":"https:\/\/i0.wp.com\/www.micheleguilloteau.fr\/wp-content\/uploads\/2023\/02\/Surfeuse-2023_signature_80x80_2.jpg?fit=591%2C593&ssl=1","jetpack_shortlink":"https:\/\/wp.me\/p9ke2Y-UV","jetpack_likes_enabled":false,"jetpack_sharing_enabled":true,"_links":{"self":[{"href":"https:\/\/www.micheleguilloteau.fr\/en\/wp-json\/wp\/v2\/posts\/3529"}],"collection":[{"href":"https:\/\/www.micheleguilloteau.fr\/en\/wp-json\/wp\/v2\/posts"}],"about":[{"href":"https:\/\/www.micheleguilloteau.fr\/en\/wp-json\/wp\/v2\/types\/post"}],"author":[{"embeddable":true,"href":"https:\/\/www.micheleguilloteau.fr\/en\/wp-json\/wp\/v2\/users\/1"}],"replies":[{"embeddable":true,"href":"https:\/\/www.micheleguilloteau.fr\/en\/wp-json\/wp\/v2\/comments?post=3529"}],"version-history":[{"count":8,"href":"https:\/\/www.micheleguilloteau.fr\/en\/wp-json\/wp\/v2\/posts\/3529\/revisions"}],"predecessor-version":[{"id":3561,"href":"https:\/\/www.micheleguilloteau.fr\/en\/wp-json\/wp\/v2\/posts\/3529\/revisions\/3561"}],"wp:featuredmedia":[{"embeddable":true,"href":"https:\/\/www.micheleguilloteau.fr\/en\/wp-json\/wp\/v2\/media\/3501"}],"wp:attachment":[{"href":"https:\/\/www.micheleguilloteau.fr\/en\/wp-json\/wp\/v2\/media?parent=3529"}],"wp:term":[{"taxonomy":"category","embeddable":true,"href":"https:\/\/www.micheleguilloteau.fr\/en\/wp-json\/wp\/v2\/categories?post=3529"},{"taxonomy":"post_tag","embeddable":true,"href":"https:\/\/www.micheleguilloteau.fr\/en\/wp-json\/wp\/v2\/tags?post=3529"}],"curies":[{"name":"wp","href":"https:\/\/api.w.org\/{rel}","templated":true}]}}